{"id":5753,"date":"2025-06-04T18:05:26","date_gmt":"2025-06-04T10:05:26","guid":{"rendered":"https:\/\/progolas.com\/?p=5753"},"modified":"2025-11-11T10:35:55","modified_gmt":"2025-11-11T02:35:55","slug":"venkovni-kuchynska-pergola","status":"publish","type":"post","link":"https:\/\/progolas.com\/cs\/venkovni-kuchynska-pergola\/","title":{"rendered":"Venkovn\u00ed kuchy\u0148sk\u00e1 pergola u baz\u00e9nu: \u00fato\u010di\u0161t\u011b na zahrad\u011b pro rodinn\u00e9 bydlen\u00ed"},"content":{"rendered":"<div data-elementor-type=\"wp-post\" data-elementor-id=\"5753\" class=\"elementor elementor-5753\" data-elementor-post-type=\"post\">\n\t\t\t\t<div class=\"elementor-element elementor-element-a34d0ee e-flex e-con-boxed e-con e-parent\" data-id=\"a34d0ee\" data-element_type=\"container\" data-e-type=\"container\">\n\t\t\t\t\t<div class=\"e-con-inner\">\n\t\t\t\t<div class=\"elementor-element elementor-element-54a43a6 elementor-widget elementor-widget-heading\" data-id=\"54a43a6\" data-element_type=\"widget\" data-e-type=\"widget\" data-widget_type=\"heading.default\">\n\t\t\t\t<div class=\"elementor-widget-container\">\n\t\t\t\t\t<h2 class=\"elementor-heading-title elementor-size-default\">Pozad\u00ed projektu:<\/h2>\t\t\t\t<\/div>\n\t\t\t\t<\/div>\n\t\t\t\t<div class=\"elementor-element elementor-element-5aefe3d elementor-widget elementor-widget-text-editor\" data-id=\"5aefe3d\" data-element_type=\"widget\" data-e-type=\"widget\" data-widget_type=\"text-editor.default\">\n\t\t\t\t<div class=\"elementor-widget-container\">\n\t\t\t\t\t\t\t\t\t<p>Produktov\u00e1 \u0159ada: Pergola ValueMax | 2115<br \/>M\u00edsto projektu: USA<br \/>Doba trv\u00e1n\u00ed projektu: 2024<\/p>\t\t\t\t\t\t\t\t<\/div>\n\t\t\t\t<\/div>\n\t\t\t\t<div class=\"elementor-element elementor-element-a8bcc2d elementor-widget elementor-widget-text-editor\" data-id=\"a8bcc2d\" data-element_type=\"widget\" data-e-type=\"widget\" data-widget_type=\"text-editor.default\">\n\t\t\t\t<div class=\"elementor-widget-container\">\n\t\t\t\t\t\t\t\t\t<p>V t\u00e9to pozoruhodn\u00e9 prom\u011bn\u011b dvorku si majitel domu kladl za c\u00edl vytvo\u0159it v\u0161estrann\u00fd venkovn\u00ed prostor pro va\u0159en\u00ed, stolov\u00e1n\u00ed a relaxaci \u2013 to v\u0161e hned vedle jejich soukrom\u00e9ho baz\u00e9nu. Jejich c\u00edlem bylo vybudovat p\u0159\u00edjemn\u00fd a funk\u010dn\u00ed prostor, kde by se cel\u00e1 rodina mohla po koup\u00e1n\u00ed sej\u00edt, spole\u010dn\u011b p\u0159ipravovat j\u00eddlo a pln\u011b si u\u017e\u00edvat kr\u00e1sy venkovn\u00edho \u017eivota.<\/p>\n<p>Perfektn\u00edm \u0159e\u0161en\u00edm byla venkovn\u00ed pergola do kuchyn\u011b, navr\u017een\u00e1 tak, aby zv\u00fd\u0161ila jak pohodl\u00ed, tak funk\u010dnost.<\/p>\n<p>Pro realizaci t\u00e9to vize si klient vybral na\u0161i <a href=\"https:\/\/progolas.com\/cs\/pergola-valuemax-2115\/\">Pergola ValueMax | 2115<\/a>\u2014cenovo v\u00fdhodn\u00e1 a z\u00e1rove\u0148 stylov\u00e1 hlin\u00edkov\u00e1 pergola zn\u00e1m\u00e1 sv\u00fdm spolehliv\u00fdm v\u00fdkonem a \u010dist\u00fdm designem. Pergola, instalovan\u00e1 p\u0159\u00edmo nad pln\u011b vybavenou venkovn\u00ed kuchyn\u00ed, nyn\u00ed ukr\u00fdv\u00e1 gril, troubu, varnou desku a velk\u00fd mramorov\u00fd j\u00eddeln\u00ed st\u016fl. Toto bezprobl\u00e9mov\u00e9 propojen\u00ed varn\u00e9 a odpo\u010dinkov\u00e9 z\u00f3ny prom\u011bnilo jejich zahradu v centrum domova.<\/p>\t\t\t\t\t\t\t\t<\/div>\n\t\t\t\t<\/div>\n\t\t\t\t<div class=\"elementor-element elementor-element-9ad419a elementor-widget elementor-widget-heading\" data-id=\"9ad419a\" data-element_type=\"widget\" data-e-type=\"widget\" data-widget_type=\"heading.default\">\n\t\t\t\t<div class=\"elementor-widget-container\">\n\t\t\t\t\t<h2 class=\"elementor-heading-title elementor-size-default\">Jak n\u00e1s na\u0161li<\/h2>\t\t\t\t<\/div>\n\t\t\t\t<\/div>\n\t\t\t\t<div class=\"elementor-element elementor-element-3395aee elementor-widget elementor-widget-text-editor\" data-id=\"3395aee\" data-element_type=\"widget\" data-e-type=\"widget\" data-widget_type=\"text-editor.default\">\n\t\t\t\t<div class=\"elementor-widget-container\">\n\t\t\t\t\t\t\t\t\t<p>B\u011bhem online hled\u00e1n\u00ed modern\u00edch vylep\u0161en\u00ed zahrady klient objevil firmu Progola. Vynikala na\u0161e nab\u00eddka cenov\u011b dostupn\u00fdch a p\u0159izp\u016fsobiteln\u00fdch pergol \u2013 zejm\u00e9na pergola ValueMax, kter\u00e1 dokonale odpov\u00eddala jeho rozpo\u010dtu a vizi. Po prozkoum\u00e1n\u00ed minul\u00fdch z\u00e1kaznick\u00fdch projekt\u016f a projedn\u00e1n\u00ed detail\u016f s na\u0161\u00edm t\u00fdmem s jistotou pokra\u010dovali v pr\u00e1ci.<\/p>\n<p><img fetchpriority=\"high\" decoding=\"async\" class=\"size-full wp-image-10917\" src=\"https:\/\/progolas.com\/wp-content\/uploads\/2025\/11\/Based-on-the-information-provided-by-the-client-we-have-designed-the-pergola-drawings.webp\" alt=\"Na z\u00e1klad\u011b informac\u00ed poskytnut\u00fdch klientem jsme navrhli v\u00fdkresy pergoly.\" width=\"1236\" height=\"802\" srcset=\"https:\/\/progolas.com\/wp-content\/uploads\/2025\/11\/Based-on-the-information-provided-by-the-client-we-have-designed-the-pergola-drawings.webp 1236w, https:\/\/progolas.com\/wp-content\/uploads\/2025\/11\/Based-on-the-information-provided-by-the-client-we-have-designed-the-pergola-drawings-300x195.webp 300w, https:\/\/progolas.com\/wp-content\/uploads\/2025\/11\/Based-on-the-information-provided-by-the-client-we-have-designed-the-pergola-drawings-1024x664.webp 1024w, https:\/\/progolas.com\/wp-content\/uploads\/2025\/11\/Based-on-the-information-provided-by-the-client-we-have-designed-the-pergola-drawings-768x498.webp 768w, https:\/\/progolas.com\/wp-content\/uploads\/2025\/11\/Based-on-the-information-provided-by-the-client-we-have-designed-the-pergola-drawings-18x12.webp 18w\" sizes=\"(max-width: 1236px) 100vw, 1236px\" \/><\/p>\t\t\t\t\t\t\t\t<\/div>\n\t\t\t\t<\/div>\n\t\t\t\t<div class=\"elementor-element elementor-element-6baddbe elementor-widget elementor-widget-heading\" data-id=\"6baddbe\" data-element_type=\"widget\" data-e-type=\"widget\" data-widget_type=\"heading.default\">\n\t\t\t\t<div class=\"elementor-widget-container\">\n\t\t\t\t\t<h2 class=\"elementor-heading-title elementor-size-default\">Proces potvrzen\u00ed projektu<\/h2>\t\t\t\t<\/div>\n\t\t\t\t<\/div>\n\t\t\t\t<div class=\"elementor-element elementor-element-063cb29 elementor-widget elementor-widget-text-editor\" data-id=\"063cb29\" data-element_type=\"widget\" data-e-type=\"widget\" data-widget_type=\"text-editor.default\">\n\t\t\t\t<div class=\"elementor-widget-container\">\n\t\t\t\t\t\t\t\t\t<p>N\u00e1\u0161 design\u00e9rsk\u00fd t\u00fdm provedl vyhodnocen\u00ed lokality a navrhl rozm\u011bry pergoly vhodn\u00e9 pro uspo\u0159\u00e1d\u00e1n\u00ed u baz\u00e9nu a rozm\u011bry kuchyn\u011b. Majitel domu zvolil jasnou, sv\u011b\u017e\u00ed barevnou paletu: b\u00edl\u00e9 r\u00e1my a sloupy v kombinaci s jemn\u011b \u0161ed\u00fdmi lamelami, kter\u00e9 lad\u00ed se sv\u011btl\u00fdmi t\u00f3ny baz\u00e9nu. Zahrnuli jsme tak\u00e9 integrovan\u00e9 LED osv\u011btlen\u00ed a dekorativn\u00ed lamely pro zaji\u0161t\u011bn\u00ed soukrom\u00ed, d\u00edky \u010demu\u017e je pergola venkovn\u00ed kuchyn\u011b vizu\u00e1ln\u011b p\u0159ita\u017eliv\u00e1 a z\u00e1rove\u0148 funk\u010dn\u00ed po cel\u00fd rok.<\/p>\n<p>Nyn\u00ed si rodina u\u017e\u00edv\u00e1 venkovn\u00ed stolov\u00e1n\u00ed od rann\u00edch brunch\u016f a\u017e po ve\u010dery, ani\u017e by se musela starat o slunce nebo d\u00e9\u0161\u0165 \u2013 bez n\u00e1mahy spojuje pohodl\u00ed interi\u00e9ru s venkovn\u00edm kouzlem.<\/p>\t\t\t\t\t\t\t\t<\/div>\n\t\t\t\t<\/div>\n\t\t\t\t<div class=\"elementor-element elementor-element-3106015 elementor-widget elementor-widget-heading\" data-id=\"3106015\" data-element_type=\"widget\" data-e-type=\"widget\" data-widget_type=\"heading.default\">\n\t\t\t\t<div class=\"elementor-widget-container\">\n\t\t\t\t\t<h2 class=\"elementor-heading-title elementor-size-default\">Zaji\u0161t\u011bn\u00ed kvality a funk\u010dn\u00ed design<\/h2>\t\t\t\t<\/div>\n\t\t\t\t<\/div>\n\t\t\t\t<div class=\"elementor-element elementor-element-0656f9f elementor-widget elementor-widget-text-editor\" data-id=\"0656f9f\" data-element_type=\"widget\" data-e-type=\"widget\" data-widget_type=\"text-editor.default\">\n\t\t\t\t<div class=\"elementor-widget-container\">\n\t\t\t\t\t\t\t\t\t<p>Pergola ValueMax | 2115 je vyrobena z pr\u00e1\u0161kov\u011b lakovan\u00e9ho hlin\u00edku odoln\u00e9ho proti korozi, kter\u00fd nab\u00edz\u00ed odolnost za vynikaj\u00edc\u00ed cenu. Tato venkovn\u00ed pergola do kuchyn\u011b, navr\u017een\u00e1 pro ka\u017edodenn\u00ed pou\u017eit\u00ed v dom\u00e1cnostech, se vyzna\u010duje \u00fa\u010dinn\u00fdm vestav\u011bn\u00fdm odvod\u0148ovac\u00edm syst\u00e9mem a voliteln\u00fdm vylep\u0161en\u00edm osv\u011btlen\u00ed, d\u00edky \u010demu\u017e je ide\u00e1ln\u00ed pro venkovn\u00ed prostory vhodn\u00e9 pro rodiny s d\u011btmi s n\u00edzk\u00fdmi n\u00e1roky na \u00fadr\u017ebu.<\/p>\t\t\t\t\t\t\t\t<\/div>\n\t\t\t\t<\/div>\n\t\t\t\t<div class=\"elementor-element elementor-element-0393fca elementor-widget elementor-widget-heading\" data-id=\"0393fca\" data-element_type=\"widget\" data-e-type=\"widget\" data-widget_type=\"heading.default\">\n\t\t\t\t<div class=\"elementor-widget-container\">\n\t\t\t\t\t<h2 class=\"elementor-heading-title elementor-size-default\">Udr\u017eiteln\u00e9 postupy<\/h2>\t\t\t\t<\/div>\n\t\t\t\t<\/div>\n\t\t\t\t<div class=\"elementor-element elementor-element-abfd646 elementor-widget elementor-widget-text-editor\" data-id=\"abfd646\" data-element_type=\"widget\" data-e-type=\"widget\" data-widget_type=\"text-editor.default\">\n\t\t\t\t<div class=\"elementor-widget-container\">\n\t\t\t\t\t\t\t\t\t<p>Stejn\u011b jako v\u0161echny pergoly Progola, i tento model vyu\u017e\u00edv\u00e1 recyklovateln\u00e9 materi\u00e1ly a modul\u00e1rn\u00ed syst\u00e9m pro minimalizaci odpadu. Volbou \u0159ady ValueMax klient dos\u00e1hl sv\u00e9ho vysn\u011bn\u00e9ho venkovn\u00edho prostoru a z\u00e1rove\u0148 podpo\u0159il principy ekologick\u00e9ho designu.<\/p>\t\t\t\t\t\t\t\t<\/div>\n\t\t\t\t<\/div>\n\t\t\t\t<div class=\"elementor-element elementor-element-4a15317 elementor-widget elementor-widget-heading\" data-id=\"4a15317\" data-element_type=\"widget\" data-e-type=\"widget\" data-widget_type=\"heading.default\">\n\t\t\t\t<div class=\"elementor-widget-container\">\n\t\t\t\t\t<h2 class=\"elementor-heading-title elementor-size-default\">Vizu\u00e1ln\u00ed transformace<\/h2>\t\t\t\t<\/div>\n\t\t\t\t<\/div>\n\t\t\t\t<div class=\"elementor-element elementor-element-cd079d4 elementor-widget elementor-widget-text-editor\" data-id=\"cd079d4\" data-element_type=\"widget\" data-e-type=\"widget\" data-widget_type=\"text-editor.default\">\n\t\t\t\t<div class=\"elementor-widget-container\">\n\t\t\t\t\t\t\t\t\t<p><img decoding=\"async\" class=\"size-full wp-image-10918\" src=\"https:\/\/progolas.com\/wp-content\/uploads\/2025\/11\/Outdoor-kitchen-case-study-for-a-US-client.webp\" alt=\"P\u0159\u00edpadov\u00e1 studie venkovn\u00ed kuchyn\u011b pro americk\u00e9ho klienta\" width=\"2560\" height=\"1920\" srcset=\"https:\/\/progolas.com\/wp-content\/uploads\/2025\/11\/Outdoor-kitchen-case-study-for-a-US-client.webp 2560w, https:\/\/progolas.com\/wp-content\/uploads\/2025\/11\/Outdoor-kitchen-case-study-for-a-US-client-300x225.webp 300w, https:\/\/progolas.com\/wp-content\/uploads\/2025\/11\/Outdoor-kitchen-case-study-for-a-US-client-1024x768.webp 1024w, https:\/\/progolas.com\/wp-content\/uploads\/2025\/11\/Outdoor-kitchen-case-study-for-a-US-client-768x576.webp 768w, https:\/\/progolas.com\/wp-content\/uploads\/2025\/11\/Outdoor-kitchen-case-study-for-a-US-client-1536x1152.webp 1536w, https:\/\/progolas.com\/wp-content\/uploads\/2025\/11\/Outdoor-kitchen-case-study-for-a-US-client-2048x1536.webp 2048w, https:\/\/progolas.com\/wp-content\/uploads\/2025\/11\/Outdoor-kitchen-case-study-for-a-US-client-16x12.webp 16w\" sizes=\"(max-width: 2560px) 100vw, 2560px\" \/><\/p>\n<p>Fotografie z dokon\u010den\u00e9ho projektu zachycuj\u00ed dramatick\u00fd obraz p\u0159ed a po. Co bylo kdysi nevyu\u017eit\u00fdm zahradn\u00edm koutkem, je nyn\u00ed stinn\u00fdm, stylov\u00fdm \u00fato\u010di\u0161t\u011bm pro va\u0159en\u00ed, stolov\u00e1n\u00ed a odpo\u010dinek. S pergolou venkovn\u00ed kuchyn\u011b, kter\u00e1 vymezuje prostor, se u baz\u00e9nu stalo v\u00edkendov\u00e9 m\u00edsto \u2013 a\u0165 u\u017e pro plav\u00e1n\u00ed, grilov\u00e1n\u00ed nebo setk\u00e1n\u00ed s bl\u00edzk\u00fdmi.<\/p>\t\t\t\t\t\t\t\t<\/div>\n\t\t\t\t<\/div>\n\t\t\t\t<div class=\"elementor-element elementor-element-82519eb elementor-widget elementor-widget-heading\" data-id=\"82519eb\" data-element_type=\"widget\" data-e-type=\"widget\" data-widget_type=\"heading.default\">\n\t\t\t\t<div class=\"elementor-widget-container\">\n\t\t\t\t\t<h2 class=\"elementor-heading-title elementor-size-default\">Z\u00e1v\u011br<\/h2>\t\t\t\t<\/div>\n\t\t\t\t<\/div>\n\t\t\t\t<div class=\"elementor-element elementor-element-70503cb elementor-widget elementor-widget-text-editor\" data-id=\"70503cb\" data-element_type=\"widget\" data-e-type=\"widget\" data-widget_type=\"text-editor.default\">\n\t\t\t\t<div class=\"elementor-widget-container\">\n\t\t\t\t\t\t\t\t\t<p>Tento projekt je uk\u00e1zkov\u00fdm p\u0159\u00edkladem toho, jak m\u016f\u017ee pergola ValueMax | 2115 p\u0159in\u00e9st luxusn\u00ed venkovn\u00ed bydlen\u00ed na dosah ruky. D\u00edky promy\u0161len\u00e9mu designu a chytr\u00fdm materi\u00e1l\u016fm m\u016f\u017ee i skromn\u00e1 investice p\u0159in\u00e9st p\u016fsobiv\u00fd v\u00fdsledek. Zahrada t\u00e9to rodiny u\u017e nen\u00ed jen prostorem \u2013 je to m\u00edsto, kde se tvo\u0159\u00ed vzpom\u00ednky.<\/p>\t\t\t\t\t\t\t\t<\/div>\n\t\t\t\t<\/div>\n\t\t\t\t<div class=\"elementor-element elementor-element-2bbd8ac elementor-widget elementor-widget-heading\" data-id=\"2bbd8ac\" data-element_type=\"widget\" data-e-type=\"widget\" data-widget_type=\"heading.default\">\n\t\t\t\t<div class=\"elementor-widget-container\">\n\t\t\t\t\t<h2 class=\"elementor-heading-title elementor-size-default\">Nechte se inspirovat dal\u0161\u00edmi \u00fasp\u011b\u0161n\u00fdmi p\u0159\u00edb\u011bhy<\/h2>\t\t\t\t<\/div>\n\t\t\t\t<\/div>\n\t\t\t\t<div class=\"elementor-element elementor-element-2c29050 elementor-widget elementor-widget-text-editor\" data-id=\"2c29050\" data-element_type=\"widget\" data-e-type=\"widget\" data-widget_type=\"text-editor.default\">\n\t\t\t\t<div class=\"elementor-widget-container\">\n\t\t\t\t\t\t\t\t\t<p><img decoding=\"async\" class=\"size-full wp-image-10919\" src=\"https:\/\/progolas.com\/wp-content\/uploads\/2025\/11\/Outdoor-kitchen-effect-for-American-clients.webp\" alt=\"Efekt venkovn\u00ed kuchyn\u011b pro americk\u00e9 klienty\" width=\"1920\" height=\"2560\" srcset=\"https:\/\/progolas.com\/wp-content\/uploads\/2025\/11\/Outdoor-kitchen-effect-for-American-clients.webp 1920w, https:\/\/progolas.com\/wp-content\/uploads\/2025\/11\/Outdoor-kitchen-effect-for-American-clients-225x300.webp 225w, https:\/\/progolas.com\/wp-content\/uploads\/2025\/11\/Outdoor-kitchen-effect-for-American-clients-768x1024.webp 768w, https:\/\/progolas.com\/wp-content\/uploads\/2025\/11\/Outdoor-kitchen-effect-for-American-clients-1152x1536.webp 1152w, https:\/\/progolas.com\/wp-content\/uploads\/2025\/11\/Outdoor-kitchen-effect-for-American-clients-1536x2048.webp 1536w, https:\/\/progolas.com\/wp-content\/uploads\/2025\/11\/Outdoor-kitchen-effect-for-American-clients-9x12.webp 9w\" sizes=\"(max-width: 1920px) 100vw, 1920px\" \/><\/p>\n<p>Prozkoumejte na\u0161e portfolio glob\u00e1ln\u00edch projekt\u016f a objevte, jak rodiny v Evrop\u011b a Severn\u00ed Americe m\u011bn\u00ed sv\u016fj venkovn\u00ed \u017eivotn\u00ed styl s pomoc\u00ed zak\u00e1zkov\u00fdch pergol pro venkovn\u00ed kuchyn\u011b od... <a href=\"https:\/\/progolas.com\/cs\">Progola<\/a>.<\/p>\t\t\t\t\t\t\t\t<\/div>\n\t\t\t\t<\/div>\n\t\t\t\t\t<\/div>\n\t\t\t\t<\/div>\n\t\t\t\t<\/div>","protected":false},"excerpt":{"rendered":"<p>Project Background: Product Series: ValueMax Pergola | 2115Project Location: USAProject Time: 2024 In this remarkable backyard transformation, the homeowner aimed to create a versatile outdoor space for cooking, dining, and relaxing\u2014all adjacent to their private swimming pool. Their goal was to build a welcoming, functional area where the entire family could gather after a swim, [&hellip;]<\/p>\n","protected":false},"author":2,"featured_media":5766,"comment_status":"open","ping_status":"open","sticky":false,"template":"","format":"standard","meta":{"_acf_changed":false,"thumbnail_url":"","footnotes":""},"categories":[98],"tags":[114],"class_list":["post-5753","post","type-post","status-publish","format-standard","has-post-thumbnail","hentry","category-outdoor-pavilion-retractable-awning-project","tag-valuemax-pergola-2115"],"acf":[],"_links":{"self":[{"href":"https:\/\/progolas.com\/cs\/wp-json\/wp\/v2\/posts\/5753","targetHints":{"allow":["GET"]}}],"collection":[{"href":"https:\/\/progolas.com\/cs\/wp-json\/wp\/v2\/posts"}],"about":[{"href":"https:\/\/progolas.com\/cs\/wp-json\/wp\/v2\/types\/post"}],"author":[{"embeddable":true,"href":"https:\/\/progolas.com\/cs\/wp-json\/wp\/v2\/users\/2"}],"replies":[{"embeddable":true,"href":"https:\/\/progolas.com\/cs\/wp-json\/wp\/v2\/comments?post=5753"}],"version-history":[{"count":3,"href":"https:\/\/progolas.com\/cs\/wp-json\/wp\/v2\/posts\/5753\/revisions"}],"predecessor-version":[{"id":10922,"href":"https:\/\/progolas.com\/cs\/wp-json\/wp\/v2\/posts\/5753\/revisions\/10922"}],"wp:featuredmedia":[{"embeddable":true,"href":"https:\/\/progolas.com\/cs\/wp-json\/wp\/v2\/media\/5766"}],"wp:attachment":[{"href":"https:\/\/progolas.com\/cs\/wp-json\/wp\/v2\/media?parent=5753"}],"wp:term":[{"taxonomy":"category","embeddable":true,"href":"https:\/\/progolas.com\/cs\/wp-json\/wp\/v2\/categories?post=5753"},{"taxonomy":"post_tag","embeddable":true,"href":"https:\/\/progolas.com\/cs\/wp-json\/wp\/v2\/tags?post=5753"}],"curies":[{"name":"wp","href":"https:\/\/api.w.org\/{rel}","templated":true}]}}